{"id":511,"date":"2024-10-16T21:20:02","date_gmt":"2024-10-16T21:20:02","guid":{"rendered":"https:\/\/aulasdeequitacao.com.br\/home\/?p=511"},"modified":"2024-11-04T17:58:54","modified_gmt":"2024-11-04T17:58:54","slug":"equitacao-para-idoso-senior","status":"publish","type":"post","link":"https:\/\/aulasdeequitacao.com.br\/home\/equitacao-para-idoso-senior\/","title":{"rendered":"Sou s\u00eanior (idoso) e quero fazer aulas"},"content":{"rendered":"\n<h4>Olha, a pr\u00e1tica do hipismo n\u00e3o tem idade, mas o que deve ser considerado \u00e9 a capacidade f\u00edsica.<\/h4>\n\n\n\n<!--more-->\n\n\n\n<p dir=\"ltr\"><span style=\"font-size: 18pt;\">Se voc\u00ea est\u00e1 bem, tem condi\u00e7\u00f5es f\u00edsicas para subir e descer do cavalo, usando, por exemplo, uma eleva\u00e7\u00e3o para facilitar, ent\u00e3o fazer aulas \u00e9 poss\u00edvel e \u00f3timo como um exerc\u00edcio e apoio do equil\u00edbrio mental.<\/span><\/p>\n<p dir=\"ltr\"><span style=\"font-size: 18pt;\">O cavalo ser\u00e1 escolhido adequadamente, altura e temperamento, mais um fator para facilitar.<\/span><\/p>\n<p dir=\"ltr\"><span style=\"font-size: 18pt;\">\u00c9 importante entender que nossa escola n\u00e3o tem equoterapia e sim aulas, equoterapia exige profissionais especializados no tema e at\u00e9 pessoas que ir\u00e3o sempre \u201cpuxar\u201d o cavalo.<\/span><\/p>\n<p dir=\"ltr\"><span style=\"font-size: 18pt;\">No nosso caso, exercemos uma aten\u00e7\u00e3o especial nas primeiras aulas, mas com o tempo nosso objetivo \u00e9 tornar o aluno independente controlando seu cavalo.<\/span><\/p>\n<p dir=\"ltr\"><span style=\"font-size: 18pt;\">Portanto, se voc\u00ea se acha fisicamente capaz, \u00e9 hora de marcar uma aula avulsa e deixar o instrutor avaliar.<\/span><\/p>\n<div>\u00a0<\/div>\n\n\n\n<h2 data-sourcepos=\"1:1-1:73\">Benef\u00edcios da equita\u00e7\u00e3o para s\u00eanior (idoso)<\/h2>\n<p data-sourcepos=\"3:1-3:286\"><span style=\"font-size: 12pt;\">A equita\u00e7\u00e3o, tradicionalmente vista como uma atividade para jovens, tem se mostrado uma aliada poderosa para a sa\u00fade e o bem-estar dos idosos. Montar a cavalo oferece uma s\u00e9rie de benef\u00edcios f\u00edsicos e mentais que podem melhorar significativamente a qualidade de vida nessa fase da vida.<\/span><\/p>\n<p data-sourcepos=\"5:1-5:23\"><span style=\"font-size: 12pt;\"><strong>Benef\u00edcios F\u00edsicos:<\/strong><\/span><\/p>\n<ul data-sourcepos=\"7:1-12:0\">\n<li data-sourcepos=\"7:1-7:171\"><span style=\"font-size: 12pt;\"><strong>Fortalecimento muscular:<\/strong> A equita\u00e7\u00e3o exige o uso de diversos grupos musculares, especialmente os das pernas, core e bra\u00e7os, contribuindo para a for\u00e7a e o equil\u00edbrio.<\/span><\/li>\n<li data-sourcepos=\"8:1-8:193\"><span style=\"font-size: 12pt;\"><strong>Melhora da postura:<\/strong> Manter-se corretamente posicionado sobre o cavalo exige consci\u00eancia corporal e alinhamento postural, o que pode ajudar a corrigir problemas posturais comuns em idosos.<\/span><\/li>\n<li data-sourcepos=\"9:1-9:184\"><span style=\"font-size: 12pt;\"><strong>Aumento da flexibilidade:<\/strong> Os movimentos do cavalo e a necessidade de acompanhar esses movimentos promovem o alongamento de diversos grupos musculares, aumentando a flexibilidade.<\/span><\/li>\n<li data-sourcepos=\"10:1-10:190\"><span style=\"font-size: 12pt;\"><strong>Melhora da coordena\u00e7\u00e3o motora:<\/strong> A equita\u00e7\u00e3o exige coordena\u00e7\u00e3o entre corpo e mente para controlar o cavalo e manter o equil\u00edbrio, estimulando o desenvolvimento de novas conex\u00f5es neurais.<\/span><\/li>\n<li data-sourcepos=\"11:1-12:0\"><span style=\"font-size: 12pt;\"><strong>Fortalecimento \u00f3sseo:<\/strong> O impacto suave da equita\u00e7\u00e3o sobre os ossos pode ajudar a prevenir a osteoporose, uma condi\u00e7\u00e3o comum em idosos.<\/span><\/li>\n<\/ul>\n<p data-sourcepos=\"13:1-13:23\"><span style=\"font-size: 12pt;\"><strong>Benef\u00edcios Mentais:<\/strong><\/span><\/p>\n<ul data-sourcepos=\"15:1-20:0\">\n<li data-sourcepos=\"15:1-15:165\"><span style=\"font-size: 12pt;\"><strong>Redu\u00e7\u00e3o do estresse:<\/strong> A intera\u00e7\u00e3o com os cavalos e a natureza proporciona um ambiente calmo e relaxante, contribuindo para a redu\u00e7\u00e3o do estresse e da ansiedade.<\/span><\/li>\n<li data-sourcepos=\"16:1-16:135\"><span style=\"font-size: 12pt;\"><strong>Melhora do humor:<\/strong> A pr\u00e1tica da equita\u00e7\u00e3o libera endorfinas, neurotransmissores que promovem a sensa\u00e7\u00e3o de bem-estar e felicidade.<\/span><\/li>\n<li data-sourcepos=\"17:1-17:142\"><span style=\"font-size: 12pt;\"><strong>Aumento da autoestima:<\/strong> A sensa\u00e7\u00e3o de conquista e independ\u00eancia ao montar um cavalo pode aumentar a autoestima e a confian\u00e7a em si mesmo.<\/span><\/li>\n<li data-sourcepos=\"18:1-18:121\"><span style=\"font-size: 12pt;\"><strong>Melhora da concentra\u00e7\u00e3o:<\/strong> A equita\u00e7\u00e3o exige foco e aten\u00e7\u00e3o, o que pode ajudar a melhorar a concentra\u00e7\u00e3o e a mem\u00f3ria.<\/span><\/li>\n<li data-sourcepos=\"19:1-20:0\"><span style=\"font-size: 12pt;\"><strong>Intera\u00e7\u00e3o social:<\/strong> A participa\u00e7\u00e3o em atividades equestres em grupo promove a socializa\u00e7\u00e3o e a cria\u00e7\u00e3o de novas amizades.<\/span><\/li>\n<\/ul>\n<p data-sourcepos=\"21:1-21:22\"><span style=\"font-size: 12pt;\"><strong>Outros Benef\u00edcios:<\/strong><\/span><\/p>\n<ul data-sourcepos=\"23:1-25:0\">\n<li data-sourcepos=\"23:1-23:142\"><span style=\"font-size: 12pt;\"><strong>Melhora da circula\u00e7\u00e3o:<\/strong> O movimento constante durante a equita\u00e7\u00e3o estimula a circula\u00e7\u00e3o sangu\u00ednea, beneficiando o sistema cardiovascular.<\/span><\/li>\n<li data-sourcepos=\"24:1-25:0\"><span style=\"font-size: 12pt;\"><strong>Desenvolvimento da paci\u00eancia e da empatia:<\/strong> A rela\u00e7\u00e3o com o cavalo exige paci\u00eancia, respeito e empatia, desenvolvendo essas qualidades importantes.<\/span><\/li>\n<\/ul>\n<p data-sourcepos=\"26:1-26:203\"><span style=\"font-size: 12pt;\"><strong>\u00c9 importante ressaltar que a equita\u00e7\u00e3o para idosos deve ser praticada sob a orienta\u00e7\u00e3o de profissionais qualificados, garantindo a seguran\u00e7a e o bem-estar dos praticantes.<\/strong><\/span><\/p>\n<p data-sourcepos=\"28:1-28:194\"><span style=\"font-size: 12pt;\"><strong>Em resumo, a equita\u00e7\u00e3o oferece uma s\u00e9rie de benef\u00edcios para a sa\u00fade f\u00edsica e mental dos idosos, sendo uma atividade completa e prazerosa que pode contribuir para uma vida mais ativa e feliz.<\/strong><\/span><\/p>\n","protected":false},"excerpt":{"rendered":"<p>Olha, a pr\u00e1tica do hipismo n\u00e3o tem idade, mas o que deve ser considerado \u00e9 a capacidade f\u00edsica.<\/p>\n","protected":false},"author":2,"featured_media":95,"comment_status":"closed","ping_status":"closed","sticky":false,"template":"","format":"standard","meta":{"footnotes":""},"categories":[5],"tags":[],"class_list":["post-511","post","type-post","status-publish","format-standard","has-post-thumbnail","hentry","category-aulas"],"yoast_head":"<!-- This site is optimized with the Yoast SEO plugin v27.5 - https:\/\/yoast.com\/product\/yoast-seo-wordpress\/ -->\n<title>Sou s\u00eanior (idoso) e quero fazer aulas - Aulas de equita\u00e7\u00e3o<\/title>\n<meta name=\"description\" content=\"Olha, a pr\u00e1tica do hipismo n\u00e3o tem idade, mas o que deve ser considerado \u00e9 a capacidade f\u00edsica.\" \/>\n<meta name=\"robots\" content=\"index, follow, max-snippet:-1, max-image-preview:large, max-video-preview:-1\" \/>\n<link rel=\"canonical\" href=\"https:\/\/aulasdeequitacao.com.br\/home\/equitacao-para-idoso-senior\/\" \/>\n<meta property=\"og:locale\" content=\"pt_BR\" \/>\n<meta property=\"og:type\" content=\"article\" \/>\n<meta property=\"og:title\" content=\"Sou s\u00eanior (idoso) e quero fazer aulas - Aulas de equita\u00e7\u00e3o\" \/>\n<meta property=\"og:description\" content=\"Olha, a pr\u00e1tica do hipismo n\u00e3o tem idade, mas o que deve ser considerado \u00e9 a capacidade f\u00edsica.\" \/>\n<meta property=\"og:url\" content=\"https:\/\/aulasdeequitacao.com.br\/home\/equitacao-para-idoso-senior\/\" \/>\n<meta property=\"og:site_name\" content=\"Aulas de equita\u00e7\u00e3o\" \/>\n<meta property=\"article:publisher\" content=\"https:\/\/www.facebook.com\/thatyaulas\/\" \/>\n<meta property=\"article:published_time\" content=\"2024-10-16T21:20:02+00:00\" \/>\n<meta property=\"article:modified_time\" content=\"2024-11-04T17:58:54+00:00\" \/>\n<meta property=\"og:image\" content=\"https:\/\/aulasdeequitacao.com.br\/home\/wp-content\/uploads\/2024\/02\/IMG_1412-2-Grande-Medio.jpg\" \/>\n\t<meta property=\"og:image:width\" content=\"1151\" \/>\n\t<meta property=\"og:image:height\" content=\"768\" \/>\n\t<meta property=\"og:image:type\" content=\"image\/jpeg\" \/>\n<meta name=\"author\" content=\"Instrutor\" \/>\n<meta name=\"twitter:card\" content=\"summary_large_image\" \/>\n<meta name=\"twitter:creator\" content=\"@AulasThatyEquit\" \/>\n<meta name=\"twitter:site\" content=\"@AulasThatyEquit\" \/>\n<meta name=\"twitter:label1\" content=\"Escrito por\" \/>\n\t<meta name=\"twitter:data1\" content=\"Instrutor\" \/>\n\t<meta name=\"twitter:label2\" content=\"Est. tempo de leitura\" \/>\n\t<meta name=\"twitter:data2\" content=\"4 minutos\" \/>\n<script type=\"application\/ld+json\" class=\"yoast-schema-graph\">{\"@context\":\"https:\\\/\\\/schema.org\",\"@graph\":[{\"@type\":\"Article\",\"@id\":\"https:\\\/\\\/aulasdeequitacao.com.br\\\/home\\\/equitacao-para-idoso-senior\\\/#article\",\"isPartOf\":{\"@id\":\"https:\\\/\\\/aulasdeequitacao.com.br\\\/home\\\/equitacao-para-idoso-senior\\\/\"},\"author\":{\"name\":\"Instrutor\",\"@id\":\"https:\\\/\\\/aulasdeequitacao.com.br\\\/home\\\/#\\\/schema\\\/person\\\/b7cd9da4e12cf41a9fbc0b23ed2497b8\"},\"headline\":\"Sou s\u00eanior (idoso) e quero fazer aulas\",\"datePublished\":\"2024-10-16T21:20:02+00:00\",\"dateModified\":\"2024-11-04T17:58:54+00:00\",\"mainEntityOfPage\":{\"@id\":\"https:\\\/\\\/aulasdeequitacao.com.br\\\/home\\\/equitacao-para-idoso-senior\\\/\"},\"wordCount\":589,\"publisher\":{\"@id\":\"https:\\\/\\\/aulasdeequitacao.com.br\\\/home\\\/#organization\"},\"image\":{\"@id\":\"https:\\\/\\\/aulasdeequitacao.com.br\\\/home\\\/equitacao-para-idoso-senior\\\/#primaryimage\"},\"thumbnailUrl\":\"https:\\\/\\\/aulasdeequitacao.com.br\\\/home\\\/wp-content\\\/uploads\\\/2024\\\/02\\\/IMG_1412-2-Grande-Medio.jpg\",\"articleSection\":[\"Aulas\"],\"inLanguage\":\"pt-BR\"},{\"@type\":\"WebPage\",\"@id\":\"https:\\\/\\\/aulasdeequitacao.com.br\\\/home\\\/equitacao-para-idoso-senior\\\/\",\"url\":\"https:\\\/\\\/aulasdeequitacao.com.br\\\/home\\\/equitacao-para-idoso-senior\\\/\",\"name\":\"Sou s\u00eanior (idoso) e quero fazer aulas - Aulas de equita\u00e7\u00e3o\",\"isPartOf\":{\"@id\":\"https:\\\/\\\/aulasdeequitacao.com.br\\\/home\\\/#website\"},\"primaryImageOfPage\":{\"@id\":\"https:\\\/\\\/aulasdeequitacao.com.br\\\/home\\\/equitacao-para-idoso-senior\\\/#primaryimage\"},\"image\":{\"@id\":\"https:\\\/\\\/aulasdeequitacao.com.br\\\/home\\\/equitacao-para-idoso-senior\\\/#primaryimage\"},\"thumbnailUrl\":\"https:\\\/\\\/aulasdeequitacao.com.br\\\/home\\\/wp-content\\\/uploads\\\/2024\\\/02\\\/IMG_1412-2-Grande-Medio.jpg\",\"datePublished\":\"2024-10-16T21:20:02+00:00\",\"dateModified\":\"2024-11-04T17:58:54+00:00\",\"description\":\"Olha, a pr\u00e1tica do hipismo n\u00e3o tem idade, mas o que deve ser considerado \u00e9 a capacidade f\u00edsica.\",\"inLanguage\":\"pt-BR\",\"potentialAction\":[{\"@type\":\"ReadAction\",\"target\":[\"https:\\\/\\\/aulasdeequitacao.com.br\\\/home\\\/equitacao-para-idoso-senior\\\/\"]}]},{\"@type\":\"ImageObject\",\"inLanguage\":\"pt-BR\",\"@id\":\"https:\\\/\\\/aulasdeequitacao.com.br\\\/home\\\/equitacao-para-idoso-senior\\\/#primaryimage\",\"url\":\"https:\\\/\\\/aulasdeequitacao.com.br\\\/home\\\/wp-content\\\/uploads\\\/2024\\\/02\\\/IMG_1412-2-Grande-Medio.jpg\",\"contentUrl\":\"https:\\\/\\\/aulasdeequitacao.com.br\\\/home\\\/wp-content\\\/uploads\\\/2024\\\/02\\\/IMG_1412-2-Grande-Medio.jpg\",\"width\":1151,\"height\":768,\"caption\":\"Montar n\u00e3o tem idade e nem sexo.\"},{\"@type\":\"WebSite\",\"@id\":\"https:\\\/\\\/aulasdeequitacao.com.br\\\/home\\\/#website\",\"url\":\"https:\\\/\\\/aulasdeequitacao.com.br\\\/home\\\/\",\"name\":\"Aulas de equita\u00e7\u00e3o\",\"description\":\"Curso de equita\u00e7\u00e3o: aulas de equita\u00e7\u00e3o, como montar um cavalo, equita\u00e7\u00e3o para iniciantes, t\u00e9cnicas de equita\u00e7\u00e3o, aulas de hipismo e treinamento para competi\u00e7\u00f5es.\",\"publisher\":{\"@id\":\"https:\\\/\\\/aulasdeequitacao.com.br\\\/home\\\/#organization\"},\"potentialAction\":[{\"@type\":\"SearchAction\",\"target\":{\"@type\":\"EntryPoint\",\"urlTemplate\":\"https:\\\/\\\/aulasdeequitacao.com.br\\\/home\\\/?s={search_term_string}\"},\"query-input\":{\"@type\":\"PropertyValueSpecification\",\"valueRequired\":true,\"valueName\":\"search_term_string\"}}],\"inLanguage\":\"pt-BR\"},{\"@type\":\"Organization\",\"@id\":\"https:\\\/\\\/aulasdeequitacao.com.br\\\/home\\\/#organization\",\"name\":\"Aulas de equita\u00e7\u00e3o\",\"url\":\"https:\\\/\\\/aulasdeequitacao.com.br\\\/home\\\/\",\"logo\":{\"@type\":\"ImageObject\",\"inLanguage\":\"pt-BR\",\"@id\":\"https:\\\/\\\/aulasdeequitacao.com.br\\\/home\\\/#\\\/schema\\\/logo\\\/image\\\/\",\"url\":\"https:\\\/\\\/aulasdeequitacao.com.br\\\/home\\\/wp-content\\\/uploads\\\/2024\\\/01\\\/cropped-logo-6.jpeg\",\"contentUrl\":\"https:\\\/\\\/aulasdeequitacao.com.br\\\/home\\\/wp-content\\\/uploads\\\/2024\\\/01\\\/cropped-logo-6.jpeg\",\"width\":512,\"height\":512,\"caption\":\"Aulas de equita\u00e7\u00e3o\"},\"image\":{\"@id\":\"https:\\\/\\\/aulasdeequitacao.com.br\\\/home\\\/#\\\/schema\\\/logo\\\/image\\\/\"},\"sameAs\":[\"https:\\\/\\\/www.facebook.com\\\/thatyaulas\\\/\",\"https:\\\/\\\/x.com\\\/AulasThatyEquit\",\"https:\\\/\\\/www.instagram.com\\\/thatyaulas\\\/\"]},{\"@type\":\"Person\",\"@id\":\"https:\\\/\\\/aulasdeequitacao.com.br\\\/home\\\/#\\\/schema\\\/person\\\/b7cd9da4e12cf41a9fbc0b23ed2497b8\",\"name\":\"Instrutor\",\"image\":{\"@type\":\"ImageObject\",\"inLanguage\":\"pt-BR\",\"@id\":\"https:\\\/\\\/secure.gravatar.com\\\/avatar\\\/367856b150e1098b72ad1b9a2724e7d35cceb9c6d04a40638143dd9642b77ba0?s=96&d=mm&r=g\",\"url\":\"https:\\\/\\\/secure.gravatar.com\\\/avatar\\\/367856b150e1098b72ad1b9a2724e7d35cceb9c6d04a40638143dd9642b77ba0?s=96&d=mm&r=g\",\"contentUrl\":\"https:\\\/\\\/secure.gravatar.com\\\/avatar\\\/367856b150e1098b72ad1b9a2724e7d35cceb9c6d04a40638143dd9642b77ba0?s=96&d=mm&r=g\",\"caption\":\"Instrutor\"},\"url\":\"https:\\\/\\\/aulasdeequitacao.com.br\\\/home\\\/author\\\/instrutor\\\/\"}]}<\/script>\n<!-- \/ Yoast SEO plugin. -->","yoast_head_json":{"title":"Sou s\u00eanior (idoso) e quero fazer aulas - Aulas de equita\u00e7\u00e3o","description":"Olha, a pr\u00e1tica do hipismo n\u00e3o tem idade, mas o que deve ser considerado \u00e9 a capacidade f\u00edsica.","robots":{"index":"index","follow":"follow","max-snippet":"max-snippet:-1","max-image-preview":"max-image-preview:large","max-video-preview":"max-video-preview:-1"},"canonical":"https:\/\/aulasdeequitacao.com.br\/home\/equitacao-para-idoso-senior\/","og_locale":"pt_BR","og_type":"article","og_title":"Sou s\u00eanior (idoso) e quero fazer aulas - Aulas de equita\u00e7\u00e3o","og_description":"Olha, a pr\u00e1tica do hipismo n\u00e3o tem idade, mas o que deve ser considerado \u00e9 a capacidade f\u00edsica.","og_url":"https:\/\/aulasdeequitacao.com.br\/home\/equitacao-para-idoso-senior\/","og_site_name":"Aulas de equita\u00e7\u00e3o","article_publisher":"https:\/\/www.facebook.com\/thatyaulas\/","article_published_time":"2024-10-16T21:20:02+00:00","article_modified_time":"2024-11-04T17:58:54+00:00","og_image":[{"width":1151,"height":768,"url":"https:\/\/aulasdeequitacao.com.br\/home\/wp-content\/uploads\/2024\/02\/IMG_1412-2-Grande-Medio.jpg","type":"image\/jpeg"}],"author":"Instrutor","twitter_card":"summary_large_image","twitter_creator":"@AulasThatyEquit","twitter_site":"@AulasThatyEquit","twitter_misc":{"Escrito por":"Instrutor","Est. tempo de leitura":"4 minutos"},"schema":{"@context":"https:\/\/schema.org","@graph":[{"@type":"Article","@id":"https:\/\/aulasdeequitacao.com.br\/home\/equitacao-para-idoso-senior\/#article","isPartOf":{"@id":"https:\/\/aulasdeequitacao.com.br\/home\/equitacao-para-idoso-senior\/"},"author":{"name":"Instrutor","@id":"https:\/\/aulasdeequitacao.com.br\/home\/#\/schema\/person\/b7cd9da4e12cf41a9fbc0b23ed2497b8"},"headline":"Sou s\u00eanior (idoso) e quero fazer aulas","datePublished":"2024-10-16T21:20:02+00:00","dateModified":"2024-11-04T17:58:54+00:00","mainEntityOfPage":{"@id":"https:\/\/aulasdeequitacao.com.br\/home\/equitacao-para-idoso-senior\/"},"wordCount":589,"publisher":{"@id":"https:\/\/aulasdeequitacao.com.br\/home\/#organization"},"image":{"@id":"https:\/\/aulasdeequitacao.com.br\/home\/equitacao-para-idoso-senior\/#primaryimage"},"thumbnailUrl":"https:\/\/aulasdeequitacao.com.br\/home\/wp-content\/uploads\/2024\/02\/IMG_1412-2-Grande-Medio.jpg","articleSection":["Aulas"],"inLanguage":"pt-BR"},{"@type":"WebPage","@id":"https:\/\/aulasdeequitacao.com.br\/home\/equitacao-para-idoso-senior\/","url":"https:\/\/aulasdeequitacao.com.br\/home\/equitacao-para-idoso-senior\/","name":"Sou s\u00eanior (idoso) e quero fazer aulas - Aulas de equita\u00e7\u00e3o","isPartOf":{"@id":"https:\/\/aulasdeequitacao.com.br\/home\/#website"},"primaryImageOfPage":{"@id":"https:\/\/aulasdeequitacao.com.br\/home\/equitacao-para-idoso-senior\/#primaryimage"},"image":{"@id":"https:\/\/aulasdeequitacao.com.br\/home\/equitacao-para-idoso-senior\/#primaryimage"},"thumbnailUrl":"https:\/\/aulasdeequitacao.com.br\/home\/wp-content\/uploads\/2024\/02\/IMG_1412-2-Grande-Medio.jpg","datePublished":"2024-10-16T21:20:02+00:00","dateModified":"2024-11-04T17:58:54+00:00","description":"Olha, a pr\u00e1tica do hipismo n\u00e3o tem idade, mas o que deve ser considerado \u00e9 a capacidade f\u00edsica.","inLanguage":"pt-BR","potentialAction":[{"@type":"ReadAction","target":["https:\/\/aulasdeequitacao.com.br\/home\/equitacao-para-idoso-senior\/"]}]},{"@type":"ImageObject","inLanguage":"pt-BR","@id":"https:\/\/aulasdeequitacao.com.br\/home\/equitacao-para-idoso-senior\/#primaryimage","url":"https:\/\/aulasdeequitacao.com.br\/home\/wp-content\/uploads\/2024\/02\/IMG_1412-2-Grande-Medio.jpg","contentUrl":"https:\/\/aulasdeequitacao.com.br\/home\/wp-content\/uploads\/2024\/02\/IMG_1412-2-Grande-Medio.jpg","width":1151,"height":768,"caption":"Montar n\u00e3o tem idade e nem sexo."},{"@type":"WebSite","@id":"https:\/\/aulasdeequitacao.com.br\/home\/#website","url":"https:\/\/aulasdeequitacao.com.br\/home\/","name":"Aulas de equita\u00e7\u00e3o","description":"Curso de equita\u00e7\u00e3o: aulas de equita\u00e7\u00e3o, como montar um cavalo, equita\u00e7\u00e3o para iniciantes, t\u00e9cnicas de equita\u00e7\u00e3o, aulas de hipismo e treinamento para competi\u00e7\u00f5es.","publisher":{"@id":"https:\/\/aulasdeequitacao.com.br\/home\/#organization"},"potentialAction":[{"@type":"SearchAction","target":{"@type":"EntryPoint","urlTemplate":"https:\/\/aulasdeequitacao.com.br\/home\/?s={search_term_string}"},"query-input":{"@type":"PropertyValueSpecification","valueRequired":true,"valueName":"search_term_string"}}],"inLanguage":"pt-BR"},{"@type":"Organization","@id":"https:\/\/aulasdeequitacao.com.br\/home\/#organization","name":"Aulas de equita\u00e7\u00e3o","url":"https:\/\/aulasdeequitacao.com.br\/home\/","logo":{"@type":"ImageObject","inLanguage":"pt-BR","@id":"https:\/\/aulasdeequitacao.com.br\/home\/#\/schema\/logo\/image\/","url":"https:\/\/aulasdeequitacao.com.br\/home\/wp-content\/uploads\/2024\/01\/cropped-logo-6.jpeg","contentUrl":"https:\/\/aulasdeequitacao.com.br\/home\/wp-content\/uploads\/2024\/01\/cropped-logo-6.jpeg","width":512,"height":512,"caption":"Aulas de equita\u00e7\u00e3o"},"image":{"@id":"https:\/\/aulasdeequitacao.com.br\/home\/#\/schema\/logo\/image\/"},"sameAs":["https:\/\/www.facebook.com\/thatyaulas\/","https:\/\/x.com\/AulasThatyEquit","https:\/\/www.instagram.com\/thatyaulas\/"]},{"@type":"Person","@id":"https:\/\/aulasdeequitacao.com.br\/home\/#\/schema\/person\/b7cd9da4e12cf41a9fbc0b23ed2497b8","name":"Instrutor","image":{"@type":"ImageObject","inLanguage":"pt-BR","@id":"https:\/\/secure.gravatar.com\/avatar\/367856b150e1098b72ad1b9a2724e7d35cceb9c6d04a40638143dd9642b77ba0?s=96&d=mm&r=g","url":"https:\/\/secure.gravatar.com\/avatar\/367856b150e1098b72ad1b9a2724e7d35cceb9c6d04a40638143dd9642b77ba0?s=96&d=mm&r=g","contentUrl":"https:\/\/secure.gravatar.com\/avatar\/367856b150e1098b72ad1b9a2724e7d35cceb9c6d04a40638143dd9642b77ba0?s=96&d=mm&r=g","caption":"Instrutor"},"url":"https:\/\/aulasdeequitacao.com.br\/home\/author\/instrutor\/"}]}},"_links":{"self":[{"href":"https:\/\/aulasdeequitacao.com.br\/home\/wp-json\/wp\/v2\/posts\/511","targetHints":{"allow":["GET"]}}],"collection":[{"href":"https:\/\/aulasdeequitacao.com.br\/home\/wp-json\/wp\/v2\/posts"}],"about":[{"href":"https:\/\/aulasdeequitacao.com.br\/home\/wp-json\/wp\/v2\/types\/post"}],"author":[{"embeddable":true,"href":"https:\/\/aulasdeequitacao.com.br\/home\/wp-json\/wp\/v2\/users\/2"}],"replies":[{"embeddable":true,"href":"https:\/\/aulasdeequitacao.com.br\/home\/wp-json\/wp\/v2\/comments?post=511"}],"version-history":[{"count":3,"href":"https:\/\/aulasdeequitacao.com.br\/home\/wp-json\/wp\/v2\/posts\/511\/revisions"}],"predecessor-version":[{"id":516,"href":"https:\/\/aulasdeequitacao.com.br\/home\/wp-json\/wp\/v2\/posts\/511\/revisions\/516"}],"wp:featuredmedia":[{"embeddable":true,"href":"https:\/\/aulasdeequitacao.com.br\/home\/wp-json\/wp\/v2\/media\/95"}],"wp:attachment":[{"href":"https:\/\/aulasdeequitacao.com.br\/home\/wp-json\/wp\/v2\/media?parent=511"}],"wp:term":[{"taxonomy":"category","embeddable":true,"href":"https:\/\/aulasdeequitacao.com.br\/home\/wp-json\/wp\/v2\/categories?post=511"},{"taxonomy":"post_tag","embeddable":true,"href":"https:\/\/aulasdeequitacao.com.br\/home\/wp-json\/wp\/v2\/tags?post=511"}],"curies":[{"name":"wp","href":"https:\/\/api.w.org\/{rel}","templated":true}]}}