{"id":507,"date":"2024-10-03T14:02:05","date_gmt":"2024-10-03T14:02:05","guid":{"rendered":"https:\/\/aulasdeequitacao.com.br\/home\/?p=507"},"modified":"2024-10-03T14:02:07","modified_gmt":"2024-10-03T14:02:07","slug":"equitacao-para-criancas-no-mes-da-crianca","status":"publish","type":"post","link":"https:\/\/aulasdeequitacao.com.br\/home\/equitacao-para-criancas-no-mes-da-crianca\/","title":{"rendered":"M\u00eas da crian\u00e7a, ent\u00e3o vamos falar dos benef\u00edcios"},"content":{"rendered":"\n<h4>A equita\u00e7\u00e3o oferece uma s\u00e9rie de benef\u00edcios para crian\u00e7as, tanto f\u00edsicos quanto emocionais e cognitivos. Vamos explorar alguns dos principais motivos pelos quais essa atividade \u00e9 t\u00e3o ben\u00e9fica:<\/h4>\n\n\n\n<!--more-->\n\n\n\n<p data-sourcepos=\"3:1-3:23\"><strong>Benef\u00edcios F\u00edsicos:<\/strong><\/p>\n<ul data-sourcepos=\"5:1-9:0\">\n<li data-sourcepos=\"5:1-5:140\"><strong>Desenvolvimento motor:<\/strong> A equita\u00e7\u00e3o exige coordena\u00e7\u00e3o, equil\u00edbrio e for\u00e7a, contribuindo para o desenvolvimento motor global da crian\u00e7a.<\/li>\n<li data-sourcepos=\"6:1-6:153\"><strong>Fortalecimento muscular:<\/strong> Os movimentos realizados durante a equita\u00e7\u00e3o fortalecem diversos grupos musculares, especialmente os do core e das pernas.<\/li>\n<li data-sourcepos=\"7:1-7:173\"><strong>Melhora do equil\u00edbrio e postura:<\/strong> A necessidade de manter o equil\u00edbrio sobre o cavalo contribui para o desenvolvimento de um bom senso de equil\u00edbrio e postura corporal.<\/li>\n<li data-sourcepos=\"8:1-9:0\"><strong>Benef\u00edcios cardiovasculares:<\/strong> A equita\u00e7\u00e3o \u00e9 uma atividade f\u00edsica que promove a sa\u00fade cardiovascular, auxiliando no desenvolvimento de um sistema cardiovascular mais eficiente.<\/li>\n<\/ul>\n<p data-sourcepos=\"10:1-10:39\"><strong>Benef\u00edcios Emocionais e Cognitivos:<\/strong><\/p>\n<ul data-sourcepos=\"12:1-17:0\">\n<li data-sourcepos=\"12:1-12:171\"><strong>Autoestima e confian\u00e7a:<\/strong> Superar desafios na equita\u00e7\u00e3o, como aprender a montar e controlar o cavalo, contribui para o aumento da autoestima e da confian\u00e7a da crian\u00e7a.<\/li>\n<li data-sourcepos=\"13:1-13:187\"><strong>Disciplina e responsabilidade:<\/strong> Cuidar de um animal e seguir as instru\u00e7\u00f5es do instrutor exige disciplina e responsabilidade, qualidades importantes para o desenvolvimento da crian\u00e7a.<\/li>\n<li data-sourcepos=\"14:1-14:166\"><strong>Concentra\u00e7\u00e3o e aten\u00e7\u00e3o:<\/strong> A equita\u00e7\u00e3o exige concentra\u00e7\u00e3o total para controlar o cavalo e seguir as instru\u00e7\u00f5es, desenvolvendo assim a capacidade de aten\u00e7\u00e3o e foco.<\/li>\n<li data-sourcepos=\"15:1-15:144\"><strong>Intera\u00e7\u00e3o social:<\/strong> A participa\u00e7\u00e3o em aulas de equita\u00e7\u00e3o e atividades relacionadas promove a intera\u00e7\u00e3o social e a cria\u00e7\u00e3o de novas amizades.<\/li>\n<li data-sourcepos=\"16:1-17:0\"><strong>Redu\u00e7\u00e3o do estresse:<\/strong> O contato com os cavalos e a natureza proporciona um ambiente relaxante, contribuindo para a redu\u00e7\u00e3o do estresse e da ansiedade.<\/li>\n<\/ul>\n<p data-sourcepos=\"18:1-18:22\"><strong>Outros Benef\u00edcios:<\/strong><\/p>\n<ul data-sourcepos=\"20:1-22:0\">\n<li data-sourcepos=\"20:1-20:221\"><strong>Equoterapia:<\/strong> Al\u00e9m dos benef\u00edcios da equita\u00e7\u00e3o tradicional, a equoterapia, que utiliza o cavalo como ferramenta terap\u00eautica, pode auxiliar no tratamento de diversas condi\u00e7\u00f5es, como autismo, paralisia cerebral e TDAH.<\/li>\n<li data-sourcepos=\"21:1-22:0\"><strong>Desenvolvimento emocional:<\/strong> A rela\u00e7\u00e3o com o cavalo pode auxiliar no desenvolvimento da empatia, da compaix\u00e3o e da sensibilidade da crian\u00e7a.<\/li>\n<\/ul>\n<p data-sourcepos=\"23:1-23:272\"><strong>Em resumo, a equita\u00e7\u00e3o \u00e9 uma atividade completa que promove o desenvolvimento f\u00edsico, emocional e cognitivo das crian\u00e7as. \u00c9 uma \u00f3tima forma de estimular a autoestima, a disciplina, a concentra\u00e7\u00e3o e a intera\u00e7\u00e3o social, al\u00e9m de proporcionar momentos de lazer e divers\u00e3o.<\/strong><\/p>\n","protected":false},"excerpt":{"rendered":"<p>A equita\u00e7\u00e3o oferece uma s\u00e9rie de benef\u00edcios para crian\u00e7as, tanto f\u00edsicos quanto emocionais e cognitivos. Vamos explorar alguns dos principais motivos pelos quais essa atividade \u00e9 &hellip;<\/p>\n","protected":false},"author":2,"featured_media":508,"comment_status":"closed","ping_status":"closed","sticky":false,"template":"","format":"standard","meta":{"footnotes":""},"categories":[7],"tags":[9,8],"class_list":["post-507","post","type-post","status-publish","format-standard","has-post-thumbnail","hentry","category-dicas","tag-beneficios","tag-idade"],"yoast_head":"<!-- This site is optimized with the Yoast SEO plugin v27.5 - https:\/\/yoast.com\/product\/yoast-seo-wordpress\/ -->\n<title>M\u00eas da crian\u00e7a, ent\u00e3o vamos falar dos benef\u00edcios - Aulas de equita\u00e7\u00e3o<\/title>\n<meta name=\"description\" content=\"A equita\u00e7\u00e3o \u00e9 uma atividade incr\u00edvel para as crian\u00e7as! Al\u00e9m de ser muito divertida, ela traz diversos benef\u00edcios para o desenvolvimento f\u00edsico, emocional e cognitivo.\" \/>\n<meta name=\"robots\" content=\"index, follow, max-snippet:-1, max-image-preview:large, max-video-preview:-1\" \/>\n<link rel=\"canonical\" href=\"https:\/\/aulasdeequitacao.com.br\/home\/equitacao-para-criancas-no-mes-da-crianca\/\" \/>\n<meta property=\"og:locale\" content=\"pt_BR\" \/>\n<meta property=\"og:type\" content=\"article\" \/>\n<meta property=\"og:title\" content=\"M\u00eas da crian\u00e7a, ent\u00e3o vamos falar dos benef\u00edcios - Aulas de equita\u00e7\u00e3o\" \/>\n<meta property=\"og:description\" content=\"A equita\u00e7\u00e3o \u00e9 uma atividade incr\u00edvel para as crian\u00e7as! Al\u00e9m de ser muito divertida, ela traz diversos benef\u00edcios para o desenvolvimento f\u00edsico, emocional e cognitivo.\" \/>\n<meta property=\"og:url\" content=\"https:\/\/aulasdeequitacao.com.br\/home\/equitacao-para-criancas-no-mes-da-crianca\/\" \/>\n<meta property=\"og:site_name\" content=\"Aulas de equita\u00e7\u00e3o\" \/>\n<meta property=\"article:publisher\" content=\"https:\/\/www.facebook.com\/thatyaulas\/\" \/>\n<meta property=\"article:published_time\" content=\"2024-10-03T14:02:05+00:00\" \/>\n<meta property=\"article:modified_time\" content=\"2024-10-03T14:02:07+00:00\" \/>\n<meta property=\"og:image\" content=\"https:\/\/aulasdeequitacao.com.br\/home\/wp-content\/uploads\/2024\/10\/equitacao-para-criancas-Medio.jpg\" \/>\n\t<meta property=\"og:image:width\" content=\"923\" \/>\n\t<meta property=\"og:image:height\" content=\"768\" \/>\n\t<meta property=\"og:image:type\" content=\"image\/jpeg\" \/>\n<meta name=\"author\" content=\"Instrutor\" \/>\n<meta name=\"twitter:card\" content=\"summary_large_image\" \/>\n<meta name=\"twitter:creator\" content=\"@AulasThatyEquit\" \/>\n<meta name=\"twitter:site\" content=\"@AulasThatyEquit\" \/>\n<meta name=\"twitter:label1\" content=\"Escrito por\" \/>\n\t<meta name=\"twitter:data1\" content=\"Instrutor\" \/>\n\t<meta name=\"twitter:label2\" content=\"Est. tempo de leitura\" \/>\n\t<meta name=\"twitter:data2\" content=\"3 minutos\" \/>\n<script type=\"application\/ld+json\" class=\"yoast-schema-graph\">{\"@context\":\"https:\\\/\\\/schema.org\",\"@graph\":[{\"@type\":\"Article\",\"@id\":\"https:\\\/\\\/aulasdeequitacao.com.br\\\/home\\\/equitacao-para-criancas-no-mes-da-crianca\\\/#article\",\"isPartOf\":{\"@id\":\"https:\\\/\\\/aulasdeequitacao.com.br\\\/home\\\/equitacao-para-criancas-no-mes-da-crianca\\\/\"},\"author\":{\"name\":\"Instrutor\",\"@id\":\"https:\\\/\\\/aulasdeequitacao.com.br\\\/home\\\/#\\\/schema\\\/person\\\/b7cd9da4e12cf41a9fbc0b23ed2497b8\"},\"headline\":\"M\u00eas da crian\u00e7a, ent\u00e3o vamos falar dos benef\u00edcios\",\"datePublished\":\"2024-10-03T14:02:05+00:00\",\"dateModified\":\"2024-10-03T14:02:07+00:00\",\"mainEntityOfPage\":{\"@id\":\"https:\\\/\\\/aulasdeequitacao.com.br\\\/home\\\/equitacao-para-criancas-no-mes-da-crianca\\\/\"},\"wordCount\":397,\"publisher\":{\"@id\":\"https:\\\/\\\/aulasdeequitacao.com.br\\\/home\\\/#organization\"},\"image\":{\"@id\":\"https:\\\/\\\/aulasdeequitacao.com.br\\\/home\\\/equitacao-para-criancas-no-mes-da-crianca\\\/#primaryimage\"},\"thumbnailUrl\":\"https:\\\/\\\/aulasdeequitacao.com.br\\\/home\\\/wp-content\\\/uploads\\\/2024\\\/10\\\/equitacao-para-criancas-Medio.jpg\",\"keywords\":[\"benef\u00edcios\",\"idade\"],\"articleSection\":[\"Dicas\"],\"inLanguage\":\"pt-BR\"},{\"@type\":\"WebPage\",\"@id\":\"https:\\\/\\\/aulasdeequitacao.com.br\\\/home\\\/equitacao-para-criancas-no-mes-da-crianca\\\/\",\"url\":\"https:\\\/\\\/aulasdeequitacao.com.br\\\/home\\\/equitacao-para-criancas-no-mes-da-crianca\\\/\",\"name\":\"M\u00eas da crian\u00e7a, ent\u00e3o vamos falar dos benef\u00edcios - Aulas de equita\u00e7\u00e3o\",\"isPartOf\":{\"@id\":\"https:\\\/\\\/aulasdeequitacao.com.br\\\/home\\\/#website\"},\"primaryImageOfPage\":{\"@id\":\"https:\\\/\\\/aulasdeequitacao.com.br\\\/home\\\/equitacao-para-criancas-no-mes-da-crianca\\\/#primaryimage\"},\"image\":{\"@id\":\"https:\\\/\\\/aulasdeequitacao.com.br\\\/home\\\/equitacao-para-criancas-no-mes-da-crianca\\\/#primaryimage\"},\"thumbnailUrl\":\"https:\\\/\\\/aulasdeequitacao.com.br\\\/home\\\/wp-content\\\/uploads\\\/2024\\\/10\\\/equitacao-para-criancas-Medio.jpg\",\"datePublished\":\"2024-10-03T14:02:05+00:00\",\"dateModified\":\"2024-10-03T14:02:07+00:00\",\"description\":\"A equita\u00e7\u00e3o \u00e9 uma atividade incr\u00edvel para as crian\u00e7as! Al\u00e9m de ser muito divertida, ela traz diversos benef\u00edcios para o desenvolvimento f\u00edsico, emocional e cognitivo.\",\"inLanguage\":\"pt-BR\",\"potentialAction\":[{\"@type\":\"ReadAction\",\"target\":[\"https:\\\/\\\/aulasdeequitacao.com.br\\\/home\\\/equitacao-para-criancas-no-mes-da-crianca\\\/\"]}]},{\"@type\":\"ImageObject\",\"inLanguage\":\"pt-BR\",\"@id\":\"https:\\\/\\\/aulasdeequitacao.com.br\\\/home\\\/equitacao-para-criancas-no-mes-da-crianca\\\/#primaryimage\",\"url\":\"https:\\\/\\\/aulasdeequitacao.com.br\\\/home\\\/wp-content\\\/uploads\\\/2024\\\/10\\\/equitacao-para-criancas-Medio.jpg\",\"contentUrl\":\"https:\\\/\\\/aulasdeequitacao.com.br\\\/home\\\/wp-content\\\/uploads\\\/2024\\\/10\\\/equitacao-para-criancas-Medio.jpg\",\"width\":923,\"height\":768,\"caption\":\"equita\u00e7\u00e3o para crian\u00e7as (M\u00e9dio)\"},{\"@type\":\"WebSite\",\"@id\":\"https:\\\/\\\/aulasdeequitacao.com.br\\\/home\\\/#website\",\"url\":\"https:\\\/\\\/aulasdeequitacao.com.br\\\/home\\\/\",\"name\":\"Aulas de equita\u00e7\u00e3o\",\"description\":\"Curso de equita\u00e7\u00e3o: aulas de equita\u00e7\u00e3o, como montar um cavalo, equita\u00e7\u00e3o para iniciantes, t\u00e9cnicas de equita\u00e7\u00e3o, aulas de hipismo e treinamento para competi\u00e7\u00f5es.\",\"publisher\":{\"@id\":\"https:\\\/\\\/aulasdeequitacao.com.br\\\/home\\\/#organization\"},\"potentialAction\":[{\"@type\":\"SearchAction\",\"target\":{\"@type\":\"EntryPoint\",\"urlTemplate\":\"https:\\\/\\\/aulasdeequitacao.com.br\\\/home\\\/?s={search_term_string}\"},\"query-input\":{\"@type\":\"PropertyValueSpecification\",\"valueRequired\":true,\"valueName\":\"search_term_string\"}}],\"inLanguage\":\"pt-BR\"},{\"@type\":\"Organization\",\"@id\":\"https:\\\/\\\/aulasdeequitacao.com.br\\\/home\\\/#organization\",\"name\":\"Aulas de equita\u00e7\u00e3o\",\"url\":\"https:\\\/\\\/aulasdeequitacao.com.br\\\/home\\\/\",\"logo\":{\"@type\":\"ImageObject\",\"inLanguage\":\"pt-BR\",\"@id\":\"https:\\\/\\\/aulasdeequitacao.com.br\\\/home\\\/#\\\/schema\\\/logo\\\/image\\\/\",\"url\":\"https:\\\/\\\/aulasdeequitacao.com.br\\\/home\\\/wp-content\\\/uploads\\\/2024\\\/01\\\/cropped-logo-6.jpeg\",\"contentUrl\":\"https:\\\/\\\/aulasdeequitacao.com.br\\\/home\\\/wp-content\\\/uploads\\\/2024\\\/01\\\/cropped-logo-6.jpeg\",\"width\":512,\"height\":512,\"caption\":\"Aulas de equita\u00e7\u00e3o\"},\"image\":{\"@id\":\"https:\\\/\\\/aulasdeequitacao.com.br\\\/home\\\/#\\\/schema\\\/logo\\\/image\\\/\"},\"sameAs\":[\"https:\\\/\\\/www.facebook.com\\\/thatyaulas\\\/\",\"https:\\\/\\\/x.com\\\/AulasThatyEquit\",\"https:\\\/\\\/www.instagram.com\\\/thatyaulas\\\/\"]},{\"@type\":\"Person\",\"@id\":\"https:\\\/\\\/aulasdeequitacao.com.br\\\/home\\\/#\\\/schema\\\/person\\\/b7cd9da4e12cf41a9fbc0b23ed2497b8\",\"name\":\"Instrutor\",\"image\":{\"@type\":\"ImageObject\",\"inLanguage\":\"pt-BR\",\"@id\":\"https:\\\/\\\/secure.gravatar.com\\\/avatar\\\/367856b150e1098b72ad1b9a2724e7d35cceb9c6d04a40638143dd9642b77ba0?s=96&d=mm&r=g\",\"url\":\"https:\\\/\\\/secure.gravatar.com\\\/avatar\\\/367856b150e1098b72ad1b9a2724e7d35cceb9c6d04a40638143dd9642b77ba0?s=96&d=mm&r=g\",\"contentUrl\":\"https:\\\/\\\/secure.gravatar.com\\\/avatar\\\/367856b150e1098b72ad1b9a2724e7d35cceb9c6d04a40638143dd9642b77ba0?s=96&d=mm&r=g\",\"caption\":\"Instrutor\"},\"url\":\"https:\\\/\\\/aulasdeequitacao.com.br\\\/home\\\/author\\\/instrutor\\\/\"}]}<\/script>\n<!-- \/ Yoast SEO plugin. -->","yoast_head_json":{"title":"M\u00eas da crian\u00e7a, ent\u00e3o vamos falar dos benef\u00edcios - Aulas de equita\u00e7\u00e3o","description":"A equita\u00e7\u00e3o \u00e9 uma atividade incr\u00edvel para as crian\u00e7as! Al\u00e9m de ser muito divertida, ela traz diversos benef\u00edcios para o desenvolvimento f\u00edsico, emocional e cognitivo.","robots":{"index":"index","follow":"follow","max-snippet":"max-snippet:-1","max-image-preview":"max-image-preview:large","max-video-preview":"max-video-preview:-1"},"canonical":"https:\/\/aulasdeequitacao.com.br\/home\/equitacao-para-criancas-no-mes-da-crianca\/","og_locale":"pt_BR","og_type":"article","og_title":"M\u00eas da crian\u00e7a, ent\u00e3o vamos falar dos benef\u00edcios - Aulas de equita\u00e7\u00e3o","og_description":"A equita\u00e7\u00e3o \u00e9 uma atividade incr\u00edvel para as crian\u00e7as! Al\u00e9m de ser muito divertida, ela traz diversos benef\u00edcios para o desenvolvimento f\u00edsico, emocional e cognitivo.","og_url":"https:\/\/aulasdeequitacao.com.br\/home\/equitacao-para-criancas-no-mes-da-crianca\/","og_site_name":"Aulas de equita\u00e7\u00e3o","article_publisher":"https:\/\/www.facebook.com\/thatyaulas\/","article_published_time":"2024-10-03T14:02:05+00:00","article_modified_time":"2024-10-03T14:02:07+00:00","og_image":[{"width":923,"height":768,"url":"https:\/\/aulasdeequitacao.com.br\/home\/wp-content\/uploads\/2024\/10\/equitacao-para-criancas-Medio.jpg","type":"image\/jpeg"}],"author":"Instrutor","twitter_card":"summary_large_image","twitter_creator":"@AulasThatyEquit","twitter_site":"@AulasThatyEquit","twitter_misc":{"Escrito por":"Instrutor","Est. tempo de leitura":"3 minutos"},"schema":{"@context":"https:\/\/schema.org","@graph":[{"@type":"Article","@id":"https:\/\/aulasdeequitacao.com.br\/home\/equitacao-para-criancas-no-mes-da-crianca\/#article","isPartOf":{"@id":"https:\/\/aulasdeequitacao.com.br\/home\/equitacao-para-criancas-no-mes-da-crianca\/"},"author":{"name":"Instrutor","@id":"https:\/\/aulasdeequitacao.com.br\/home\/#\/schema\/person\/b7cd9da4e12cf41a9fbc0b23ed2497b8"},"headline":"M\u00eas da crian\u00e7a, ent\u00e3o vamos falar dos benef\u00edcios","datePublished":"2024-10-03T14:02:05+00:00","dateModified":"2024-10-03T14:02:07+00:00","mainEntityOfPage":{"@id":"https:\/\/aulasdeequitacao.com.br\/home\/equitacao-para-criancas-no-mes-da-crianca\/"},"wordCount":397,"publisher":{"@id":"https:\/\/aulasdeequitacao.com.br\/home\/#organization"},"image":{"@id":"https:\/\/aulasdeequitacao.com.br\/home\/equitacao-para-criancas-no-mes-da-crianca\/#primaryimage"},"thumbnailUrl":"https:\/\/aulasdeequitacao.com.br\/home\/wp-content\/uploads\/2024\/10\/equitacao-para-criancas-Medio.jpg","keywords":["benef\u00edcios","idade"],"articleSection":["Dicas"],"inLanguage":"pt-BR"},{"@type":"WebPage","@id":"https:\/\/aulasdeequitacao.com.br\/home\/equitacao-para-criancas-no-mes-da-crianca\/","url":"https:\/\/aulasdeequitacao.com.br\/home\/equitacao-para-criancas-no-mes-da-crianca\/","name":"M\u00eas da crian\u00e7a, ent\u00e3o vamos falar dos benef\u00edcios - Aulas de equita\u00e7\u00e3o","isPartOf":{"@id":"https:\/\/aulasdeequitacao.com.br\/home\/#website"},"primaryImageOfPage":{"@id":"https:\/\/aulasdeequitacao.com.br\/home\/equitacao-para-criancas-no-mes-da-crianca\/#primaryimage"},"image":{"@id":"https:\/\/aulasdeequitacao.com.br\/home\/equitacao-para-criancas-no-mes-da-crianca\/#primaryimage"},"thumbnailUrl":"https:\/\/aulasdeequitacao.com.br\/home\/wp-content\/uploads\/2024\/10\/equitacao-para-criancas-Medio.jpg","datePublished":"2024-10-03T14:02:05+00:00","dateModified":"2024-10-03T14:02:07+00:00","description":"A equita\u00e7\u00e3o \u00e9 uma atividade incr\u00edvel para as crian\u00e7as! Al\u00e9m de ser muito divertida, ela traz diversos benef\u00edcios para o desenvolvimento f\u00edsico, emocional e cognitivo.","inLanguage":"pt-BR","potentialAction":[{"@type":"ReadAction","target":["https:\/\/aulasdeequitacao.com.br\/home\/equitacao-para-criancas-no-mes-da-crianca\/"]}]},{"@type":"ImageObject","inLanguage":"pt-BR","@id":"https:\/\/aulasdeequitacao.com.br\/home\/equitacao-para-criancas-no-mes-da-crianca\/#primaryimage","url":"https:\/\/aulasdeequitacao.com.br\/home\/wp-content\/uploads\/2024\/10\/equitacao-para-criancas-Medio.jpg","contentUrl":"https:\/\/aulasdeequitacao.com.br\/home\/wp-content\/uploads\/2024\/10\/equitacao-para-criancas-Medio.jpg","width":923,"height":768,"caption":"equita\u00e7\u00e3o para crian\u00e7as (M\u00e9dio)"},{"@type":"WebSite","@id":"https:\/\/aulasdeequitacao.com.br\/home\/#website","url":"https:\/\/aulasdeequitacao.com.br\/home\/","name":"Aulas de equita\u00e7\u00e3o","description":"Curso de equita\u00e7\u00e3o: aulas de equita\u00e7\u00e3o, como montar um cavalo, equita\u00e7\u00e3o para iniciantes, t\u00e9cnicas de equita\u00e7\u00e3o, aulas de hipismo e treinamento para competi\u00e7\u00f5es.","publisher":{"@id":"https:\/\/aulasdeequitacao.com.br\/home\/#organization"},"potentialAction":[{"@type":"SearchAction","target":{"@type":"EntryPoint","urlTemplate":"https:\/\/aulasdeequitacao.com.br\/home\/?s={search_term_string}"},"query-input":{"@type":"PropertyValueSpecification","valueRequired":true,"valueName":"search_term_string"}}],"inLanguage":"pt-BR"},{"@type":"Organization","@id":"https:\/\/aulasdeequitacao.com.br\/home\/#organization","name":"Aulas de equita\u00e7\u00e3o","url":"https:\/\/aulasdeequitacao.com.br\/home\/","logo":{"@type":"ImageObject","inLanguage":"pt-BR","@id":"https:\/\/aulasdeequitacao.com.br\/home\/#\/schema\/logo\/image\/","url":"https:\/\/aulasdeequitacao.com.br\/home\/wp-content\/uploads\/2024\/01\/cropped-logo-6.jpeg","contentUrl":"https:\/\/aulasdeequitacao.com.br\/home\/wp-content\/uploads\/2024\/01\/cropped-logo-6.jpeg","width":512,"height":512,"caption":"Aulas de equita\u00e7\u00e3o"},"image":{"@id":"https:\/\/aulasdeequitacao.com.br\/home\/#\/schema\/logo\/image\/"},"sameAs":["https:\/\/www.facebook.com\/thatyaulas\/","https:\/\/x.com\/AulasThatyEquit","https:\/\/www.instagram.com\/thatyaulas\/"]},{"@type":"Person","@id":"https:\/\/aulasdeequitacao.com.br\/home\/#\/schema\/person\/b7cd9da4e12cf41a9fbc0b23ed2497b8","name":"Instrutor","image":{"@type":"ImageObject","inLanguage":"pt-BR","@id":"https:\/\/secure.gravatar.com\/avatar\/367856b150e1098b72ad1b9a2724e7d35cceb9c6d04a40638143dd9642b77ba0?s=96&d=mm&r=g","url":"https:\/\/secure.gravatar.com\/avatar\/367856b150e1098b72ad1b9a2724e7d35cceb9c6d04a40638143dd9642b77ba0?s=96&d=mm&r=g","contentUrl":"https:\/\/secure.gravatar.com\/avatar\/367856b150e1098b72ad1b9a2724e7d35cceb9c6d04a40638143dd9642b77ba0?s=96&d=mm&r=g","caption":"Instrutor"},"url":"https:\/\/aulasdeequitacao.com.br\/home\/author\/instrutor\/"}]}},"_links":{"self":[{"href":"https:\/\/aulasdeequitacao.com.br\/home\/wp-json\/wp\/v2\/posts\/507","targetHints":{"allow":["GET"]}}],"collection":[{"href":"https:\/\/aulasdeequitacao.com.br\/home\/wp-json\/wp\/v2\/posts"}],"about":[{"href":"https:\/\/aulasdeequitacao.com.br\/home\/wp-json\/wp\/v2\/types\/post"}],"author":[{"embeddable":true,"href":"https:\/\/aulasdeequitacao.com.br\/home\/wp-json\/wp\/v2\/users\/2"}],"replies":[{"embeddable":true,"href":"https:\/\/aulasdeequitacao.com.br\/home\/wp-json\/wp\/v2\/comments?post=507"}],"version-history":[{"count":1,"href":"https:\/\/aulasdeequitacao.com.br\/home\/wp-json\/wp\/v2\/posts\/507\/revisions"}],"predecessor-version":[{"id":509,"href":"https:\/\/aulasdeequitacao.com.br\/home\/wp-json\/wp\/v2\/posts\/507\/revisions\/509"}],"wp:featuredmedia":[{"embeddable":true,"href":"https:\/\/aulasdeequitacao.com.br\/home\/wp-json\/wp\/v2\/media\/508"}],"wp:attachment":[{"href":"https:\/\/aulasdeequitacao.com.br\/home\/wp-json\/wp\/v2\/media?parent=507"}],"wp:term":[{"taxonomy":"category","embeddable":true,"href":"https:\/\/aulasdeequitacao.com.br\/home\/wp-json\/wp\/v2\/categories?post=507"},{"taxonomy":"post_tag","embeddable":true,"href":"https:\/\/aulasdeequitacao.com.br\/home\/wp-json\/wp\/v2\/tags?post=507"}],"curies":[{"name":"wp","href":"https:\/\/api.w.org\/{rel}","templated":true}]}}