{"id":220,"date":"2024-02-15T18:20:47","date_gmt":"2024-02-15T18:20:47","guid":{"rendered":"https:\/\/aulasdeequitacao.com.br\/home\/?p=220"},"modified":"2024-11-04T17:59:56","modified_gmt":"2024-11-04T17:59:56","slug":"tenho-medo-mas-quero-aprender-a-montar-cavalo","status":"publish","type":"post","link":"https:\/\/aulasdeequitacao.com.br\/home\/tenho-medo-mas-quero-aprender-a-montar-cavalo\/","title":{"rendered":"Quero aprender da montar mas tenho medo"},"content":{"rendered":"\n<h4>Isso \u00e9 muito comum e, convenhamos, ter medo do que n\u00e3o conhecemos \u00e9 normal.<\/h4>\n\n\n\n<!--more-->\n\n\n\n<p><span style=\"font-size: 12pt;\">Para isso, \u00e9 simples: primeiro, \u00e9 feito um trabalho para que a pessoa conhe\u00e7a um cavalo, entendendo como ele se comporta e como lidar com ele.<\/span><\/p>\n<p><span style=\"font-size: 12pt;\">Depois, escolhe-se um animal bem tranquilo, de pequeno porte, para que, com supervis\u00e3o, essa pessoa possa caminhar montada e, se for o caso na primeira aula, com o cavalo puxado pelo instrutor.<\/span><\/p>\n<p><span style=\"font-size: 12pt;\">Com as aulas e o consequente aumento da confian\u00e7a, conceitos de equita\u00e7\u00e3o, como andar ao passo, trote e galope, ser\u00e3o introduzidos.<\/span><\/p>\n<p><span style=\"font-size: 12pt;\">F\u00e1cil, agora \u00e9 s\u00f3 come\u00e7ar&#8230;<\/span><\/p>\n","protected":false},"excerpt":{"rendered":"<p>Para isso \u00e9 simples, primeiro \u00e9 feito um trabalho para que a pessoa conhe\u00e7a um cavalo, como ele se comporta, como lidar com ele.<\/p>\n","protected":false},"author":2,"featured_media":198,"comment_status":"closed","ping_status":"closed","sticky":false,"template":"","format":"standard","meta":{"footnotes":""},"categories":[5],"tags":[4],"class_list":["post-220","post","type-post","status-publish","format-standard","has-post-thumbnail","hentry","category-aulas","tag-a-aula"],"yoast_head":"<!-- This site is optimized with the Yoast SEO plugin v27.5 - https:\/\/yoast.com\/product\/yoast-seo-wordpress\/ -->\n<title>Quero aprender da montar mas tenho medo - Aulas de equita\u00e7\u00e3o<\/title>\n<meta name=\"description\" content=\"Para isso \u00e9 simples, primeiro \u00e9 feito um trabalho para que a pessoa conhe\u00e7a um cavalo, como ele se comporta, como lidar com ele.\" \/>\n<meta name=\"robots\" content=\"index, follow, max-snippet:-1, max-image-preview:large, max-video-preview:-1\" \/>\n<link rel=\"canonical\" href=\"https:\/\/aulasdeequitacao.com.br\/home\/tenho-medo-mas-quero-aprender-a-montar-cavalo\/\" \/>\n<meta property=\"og:locale\" content=\"pt_BR\" \/>\n<meta property=\"og:type\" content=\"article\" \/>\n<meta property=\"og:title\" content=\"Quero aprender da montar mas tenho medo - Aulas de equita\u00e7\u00e3o\" \/>\n<meta property=\"og:description\" content=\"Para isso \u00e9 simples, primeiro \u00e9 feito um trabalho para que a pessoa conhe\u00e7a um cavalo, como ele se comporta, como lidar com ele.\" \/>\n<meta property=\"og:url\" content=\"https:\/\/aulasdeequitacao.com.br\/home\/tenho-medo-mas-quero-aprender-a-montar-cavalo\/\" \/>\n<meta property=\"og:site_name\" content=\"Aulas de equita\u00e7\u00e3o\" \/>\n<meta property=\"article:publisher\" content=\"https:\/\/www.facebook.com\/thatyaulas\/\" \/>\n<meta property=\"article:published_time\" content=\"2024-02-15T18:20:47+00:00\" \/>\n<meta property=\"article:modified_time\" content=\"2024-11-04T17:59:56+00:00\" \/>\n<meta property=\"og:image\" content=\"https:\/\/aulasdeequitacao.com.br\/home\/wp-content\/uploads\/2024\/02\/banner.jpg\" \/>\n\t<meta property=\"og:image:width\" content=\"1200\" \/>\n\t<meta property=\"og:image:height\" content=\"628\" \/>\n\t<meta property=\"og:image:type\" content=\"image\/jpeg\" \/>\n<meta name=\"author\" content=\"Instrutor\" \/>\n<meta name=\"twitter:card\" content=\"summary_large_image\" \/>\n<meta name=\"twitter:creator\" content=\"@AulasThatyEquit\" \/>\n<meta name=\"twitter:site\" content=\"@AulasThatyEquit\" \/>\n<meta name=\"twitter:label1\" content=\"Escrito por\" \/>\n\t<meta name=\"twitter:data1\" content=\"Instrutor\" \/>\n\t<meta name=\"twitter:label2\" content=\"Est. tempo de leitura\" \/>\n\t<meta name=\"twitter:data2\" content=\"1 minuto\" \/>\n<script type=\"application\/ld+json\" class=\"yoast-schema-graph\">{\"@context\":\"https:\\\/\\\/schema.org\",\"@graph\":[{\"@type\":\"Article\",\"@id\":\"https:\\\/\\\/aulasdeequitacao.com.br\\\/home\\\/tenho-medo-mas-quero-aprender-a-montar-cavalo\\\/#article\",\"isPartOf\":{\"@id\":\"https:\\\/\\\/aulasdeequitacao.com.br\\\/home\\\/tenho-medo-mas-quero-aprender-a-montar-cavalo\\\/\"},\"author\":{\"name\":\"Instrutor\",\"@id\":\"https:\\\/\\\/aulasdeequitacao.com.br\\\/home\\\/#\\\/schema\\\/person\\\/b7cd9da4e12cf41a9fbc0b23ed2497b8\"},\"headline\":\"Quero aprender da montar mas tenho medo\",\"datePublished\":\"2024-02-15T18:20:47+00:00\",\"dateModified\":\"2024-11-04T17:59:56+00:00\",\"mainEntityOfPage\":{\"@id\":\"https:\\\/\\\/aulasdeequitacao.com.br\\\/home\\\/tenho-medo-mas-quero-aprender-a-montar-cavalo\\\/\"},\"wordCount\":108,\"publisher\":{\"@id\":\"https:\\\/\\\/aulasdeequitacao.com.br\\\/home\\\/#organization\"},\"image\":{\"@id\":\"https:\\\/\\\/aulasdeequitacao.com.br\\\/home\\\/tenho-medo-mas-quero-aprender-a-montar-cavalo\\\/#primaryimage\"},\"thumbnailUrl\":\"https:\\\/\\\/aulasdeequitacao.com.br\\\/home\\\/wp-content\\\/uploads\\\/2024\\\/02\\\/banner.jpg\",\"keywords\":[\"a aula\"],\"articleSection\":[\"Aulas\"],\"inLanguage\":\"pt-BR\"},{\"@type\":\"WebPage\",\"@id\":\"https:\\\/\\\/aulasdeequitacao.com.br\\\/home\\\/tenho-medo-mas-quero-aprender-a-montar-cavalo\\\/\",\"url\":\"https:\\\/\\\/aulasdeequitacao.com.br\\\/home\\\/tenho-medo-mas-quero-aprender-a-montar-cavalo\\\/\",\"name\":\"Quero aprender da montar mas tenho medo - Aulas de equita\u00e7\u00e3o\",\"isPartOf\":{\"@id\":\"https:\\\/\\\/aulasdeequitacao.com.br\\\/home\\\/#website\"},\"primaryImageOfPage\":{\"@id\":\"https:\\\/\\\/aulasdeequitacao.com.br\\\/home\\\/tenho-medo-mas-quero-aprender-a-montar-cavalo\\\/#primaryimage\"},\"image\":{\"@id\":\"https:\\\/\\\/aulasdeequitacao.com.br\\\/home\\\/tenho-medo-mas-quero-aprender-a-montar-cavalo\\\/#primaryimage\"},\"thumbnailUrl\":\"https:\\\/\\\/aulasdeequitacao.com.br\\\/home\\\/wp-content\\\/uploads\\\/2024\\\/02\\\/banner.jpg\",\"datePublished\":\"2024-02-15T18:20:47+00:00\",\"dateModified\":\"2024-11-04T17:59:56+00:00\",\"description\":\"Para isso \u00e9 simples, primeiro \u00e9 feito um trabalho para que a pessoa conhe\u00e7a um cavalo, como ele se comporta, como lidar com ele.\",\"inLanguage\":\"pt-BR\",\"potentialAction\":[{\"@type\":\"ReadAction\",\"target\":[\"https:\\\/\\\/aulasdeequitacao.com.br\\\/home\\\/tenho-medo-mas-quero-aprender-a-montar-cavalo\\\/\"]}]},{\"@type\":\"ImageObject\",\"inLanguage\":\"pt-BR\",\"@id\":\"https:\\\/\\\/aulasdeequitacao.com.br\\\/home\\\/tenho-medo-mas-quero-aprender-a-montar-cavalo\\\/#primaryimage\",\"url\":\"https:\\\/\\\/aulasdeequitacao.com.br\\\/home\\\/wp-content\\\/uploads\\\/2024\\\/02\\\/banner.jpg\",\"contentUrl\":\"https:\\\/\\\/aulasdeequitacao.com.br\\\/home\\\/wp-content\\\/uploads\\\/2024\\\/02\\\/banner.jpg\",\"width\":1200,\"height\":628},{\"@type\":\"WebSite\",\"@id\":\"https:\\\/\\\/aulasdeequitacao.com.br\\\/home\\\/#website\",\"url\":\"https:\\\/\\\/aulasdeequitacao.com.br\\\/home\\\/\",\"name\":\"Aulas de equita\u00e7\u00e3o\",\"description\":\"Curso de equita\u00e7\u00e3o: aulas de equita\u00e7\u00e3o, como montar um cavalo, equita\u00e7\u00e3o para iniciantes, t\u00e9cnicas de equita\u00e7\u00e3o, aulas de hipismo e treinamento para competi\u00e7\u00f5es.\",\"publisher\":{\"@id\":\"https:\\\/\\\/aulasdeequitacao.com.br\\\/home\\\/#organization\"},\"potentialAction\":[{\"@type\":\"SearchAction\",\"target\":{\"@type\":\"EntryPoint\",\"urlTemplate\":\"https:\\\/\\\/aulasdeequitacao.com.br\\\/home\\\/?s={search_term_string}\"},\"query-input\":{\"@type\":\"PropertyValueSpecification\",\"valueRequired\":true,\"valueName\":\"search_term_string\"}}],\"inLanguage\":\"pt-BR\"},{\"@type\":\"Organization\",\"@id\":\"https:\\\/\\\/aulasdeequitacao.com.br\\\/home\\\/#organization\",\"name\":\"Aulas de equita\u00e7\u00e3o\",\"url\":\"https:\\\/\\\/aulasdeequitacao.com.br\\\/home\\\/\",\"logo\":{\"@type\":\"ImageObject\",\"inLanguage\":\"pt-BR\",\"@id\":\"https:\\\/\\\/aulasdeequitacao.com.br\\\/home\\\/#\\\/schema\\\/logo\\\/image\\\/\",\"url\":\"https:\\\/\\\/aulasdeequitacao.com.br\\\/home\\\/wp-content\\\/uploads\\\/2024\\\/01\\\/cropped-logo-6.jpeg\",\"contentUrl\":\"https:\\\/\\\/aulasdeequitacao.com.br\\\/home\\\/wp-content\\\/uploads\\\/2024\\\/01\\\/cropped-logo-6.jpeg\",\"width\":512,\"height\":512,\"caption\":\"Aulas de equita\u00e7\u00e3o\"},\"image\":{\"@id\":\"https:\\\/\\\/aulasdeequitacao.com.br\\\/home\\\/#\\\/schema\\\/logo\\\/image\\\/\"},\"sameAs\":[\"https:\\\/\\\/www.facebook.com\\\/thatyaulas\\\/\",\"https:\\\/\\\/x.com\\\/AulasThatyEquit\",\"https:\\\/\\\/www.instagram.com\\\/thatyaulas\\\/\"]},{\"@type\":\"Person\",\"@id\":\"https:\\\/\\\/aulasdeequitacao.com.br\\\/home\\\/#\\\/schema\\\/person\\\/b7cd9da4e12cf41a9fbc0b23ed2497b8\",\"name\":\"Instrutor\",\"image\":{\"@type\":\"ImageObject\",\"inLanguage\":\"pt-BR\",\"@id\":\"https:\\\/\\\/secure.gravatar.com\\\/avatar\\\/367856b150e1098b72ad1b9a2724e7d35cceb9c6d04a40638143dd9642b77ba0?s=96&d=mm&r=g\",\"url\":\"https:\\\/\\\/secure.gravatar.com\\\/avatar\\\/367856b150e1098b72ad1b9a2724e7d35cceb9c6d04a40638143dd9642b77ba0?s=96&d=mm&r=g\",\"contentUrl\":\"https:\\\/\\\/secure.gravatar.com\\\/avatar\\\/367856b150e1098b72ad1b9a2724e7d35cceb9c6d04a40638143dd9642b77ba0?s=96&d=mm&r=g\",\"caption\":\"Instrutor\"},\"url\":\"https:\\\/\\\/aulasdeequitacao.com.br\\\/home\\\/author\\\/instrutor\\\/\"}]}<\/script>\n<!-- \/ Yoast SEO plugin. -->","yoast_head_json":{"title":"Quero aprender da montar mas tenho medo - Aulas de equita\u00e7\u00e3o","description":"Para isso \u00e9 simples, primeiro \u00e9 feito um trabalho para que a pessoa conhe\u00e7a um cavalo, como ele se comporta, como lidar com ele.","robots":{"index":"index","follow":"follow","max-snippet":"max-snippet:-1","max-image-preview":"max-image-preview:large","max-video-preview":"max-video-preview:-1"},"canonical":"https:\/\/aulasdeequitacao.com.br\/home\/tenho-medo-mas-quero-aprender-a-montar-cavalo\/","og_locale":"pt_BR","og_type":"article","og_title":"Quero aprender da montar mas tenho medo - Aulas de equita\u00e7\u00e3o","og_description":"Para isso \u00e9 simples, primeiro \u00e9 feito um trabalho para que a pessoa conhe\u00e7a um cavalo, como ele se comporta, como lidar com ele.","og_url":"https:\/\/aulasdeequitacao.com.br\/home\/tenho-medo-mas-quero-aprender-a-montar-cavalo\/","og_site_name":"Aulas de equita\u00e7\u00e3o","article_publisher":"https:\/\/www.facebook.com\/thatyaulas\/","article_published_time":"2024-02-15T18:20:47+00:00","article_modified_time":"2024-11-04T17:59:56+00:00","og_image":[{"width":1200,"height":628,"url":"https:\/\/aulasdeequitacao.com.br\/home\/wp-content\/uploads\/2024\/02\/banner.jpg","type":"image\/jpeg"}],"author":"Instrutor","twitter_card":"summary_large_image","twitter_creator":"@AulasThatyEquit","twitter_site":"@AulasThatyEquit","twitter_misc":{"Escrito por":"Instrutor","Est. tempo de leitura":"1 minuto"},"schema":{"@context":"https:\/\/schema.org","@graph":[{"@type":"Article","@id":"https:\/\/aulasdeequitacao.com.br\/home\/tenho-medo-mas-quero-aprender-a-montar-cavalo\/#article","isPartOf":{"@id":"https:\/\/aulasdeequitacao.com.br\/home\/tenho-medo-mas-quero-aprender-a-montar-cavalo\/"},"author":{"name":"Instrutor","@id":"https:\/\/aulasdeequitacao.com.br\/home\/#\/schema\/person\/b7cd9da4e12cf41a9fbc0b23ed2497b8"},"headline":"Quero aprender da montar mas tenho medo","datePublished":"2024-02-15T18:20:47+00:00","dateModified":"2024-11-04T17:59:56+00:00","mainEntityOfPage":{"@id":"https:\/\/aulasdeequitacao.com.br\/home\/tenho-medo-mas-quero-aprender-a-montar-cavalo\/"},"wordCount":108,"publisher":{"@id":"https:\/\/aulasdeequitacao.com.br\/home\/#organization"},"image":{"@id":"https:\/\/aulasdeequitacao.com.br\/home\/tenho-medo-mas-quero-aprender-a-montar-cavalo\/#primaryimage"},"thumbnailUrl":"https:\/\/aulasdeequitacao.com.br\/home\/wp-content\/uploads\/2024\/02\/banner.jpg","keywords":["a aula"],"articleSection":["Aulas"],"inLanguage":"pt-BR"},{"@type":"WebPage","@id":"https:\/\/aulasdeequitacao.com.br\/home\/tenho-medo-mas-quero-aprender-a-montar-cavalo\/","url":"https:\/\/aulasdeequitacao.com.br\/home\/tenho-medo-mas-quero-aprender-a-montar-cavalo\/","name":"Quero aprender da montar mas tenho medo - Aulas de equita\u00e7\u00e3o","isPartOf":{"@id":"https:\/\/aulasdeequitacao.com.br\/home\/#website"},"primaryImageOfPage":{"@id":"https:\/\/aulasdeequitacao.com.br\/home\/tenho-medo-mas-quero-aprender-a-montar-cavalo\/#primaryimage"},"image":{"@id":"https:\/\/aulasdeequitacao.com.br\/home\/tenho-medo-mas-quero-aprender-a-montar-cavalo\/#primaryimage"},"thumbnailUrl":"https:\/\/aulasdeequitacao.com.br\/home\/wp-content\/uploads\/2024\/02\/banner.jpg","datePublished":"2024-02-15T18:20:47+00:00","dateModified":"2024-11-04T17:59:56+00:00","description":"Para isso \u00e9 simples, primeiro \u00e9 feito um trabalho para que a pessoa conhe\u00e7a um cavalo, como ele se comporta, como lidar com ele.","inLanguage":"pt-BR","potentialAction":[{"@type":"ReadAction","target":["https:\/\/aulasdeequitacao.com.br\/home\/tenho-medo-mas-quero-aprender-a-montar-cavalo\/"]}]},{"@type":"ImageObject","inLanguage":"pt-BR","@id":"https:\/\/aulasdeequitacao.com.br\/home\/tenho-medo-mas-quero-aprender-a-montar-cavalo\/#primaryimage","url":"https:\/\/aulasdeequitacao.com.br\/home\/wp-content\/uploads\/2024\/02\/banner.jpg","contentUrl":"https:\/\/aulasdeequitacao.com.br\/home\/wp-content\/uploads\/2024\/02\/banner.jpg","width":1200,"height":628},{"@type":"WebSite","@id":"https:\/\/aulasdeequitacao.com.br\/home\/#website","url":"https:\/\/aulasdeequitacao.com.br\/home\/","name":"Aulas de equita\u00e7\u00e3o","description":"Curso de equita\u00e7\u00e3o: aulas de equita\u00e7\u00e3o, como montar um cavalo, equita\u00e7\u00e3o para iniciantes, t\u00e9cnicas de equita\u00e7\u00e3o, aulas de hipismo e treinamento para competi\u00e7\u00f5es.","publisher":{"@id":"https:\/\/aulasdeequitacao.com.br\/home\/#organization"},"potentialAction":[{"@type":"SearchAction","target":{"@type":"EntryPoint","urlTemplate":"https:\/\/aulasdeequitacao.com.br\/home\/?s={search_term_string}"},"query-input":{"@type":"PropertyValueSpecification","valueRequired":true,"valueName":"search_term_string"}}],"inLanguage":"pt-BR"},{"@type":"Organization","@id":"https:\/\/aulasdeequitacao.com.br\/home\/#organization","name":"Aulas de equita\u00e7\u00e3o","url":"https:\/\/aulasdeequitacao.com.br\/home\/","logo":{"@type":"ImageObject","inLanguage":"pt-BR","@id":"https:\/\/aulasdeequitacao.com.br\/home\/#\/schema\/logo\/image\/","url":"https:\/\/aulasdeequitacao.com.br\/home\/wp-content\/uploads\/2024\/01\/cropped-logo-6.jpeg","contentUrl":"https:\/\/aulasdeequitacao.com.br\/home\/wp-content\/uploads\/2024\/01\/cropped-logo-6.jpeg","width":512,"height":512,"caption":"Aulas de equita\u00e7\u00e3o"},"image":{"@id":"https:\/\/aulasdeequitacao.com.br\/home\/#\/schema\/logo\/image\/"},"sameAs":["https:\/\/www.facebook.com\/thatyaulas\/","https:\/\/x.com\/AulasThatyEquit","https:\/\/www.instagram.com\/thatyaulas\/"]},{"@type":"Person","@id":"https:\/\/aulasdeequitacao.com.br\/home\/#\/schema\/person\/b7cd9da4e12cf41a9fbc0b23ed2497b8","name":"Instrutor","image":{"@type":"ImageObject","inLanguage":"pt-BR","@id":"https:\/\/secure.gravatar.com\/avatar\/367856b150e1098b72ad1b9a2724e7d35cceb9c6d04a40638143dd9642b77ba0?s=96&d=mm&r=g","url":"https:\/\/secure.gravatar.com\/avatar\/367856b150e1098b72ad1b9a2724e7d35cceb9c6d04a40638143dd9642b77ba0?s=96&d=mm&r=g","contentUrl":"https:\/\/secure.gravatar.com\/avatar\/367856b150e1098b72ad1b9a2724e7d35cceb9c6d04a40638143dd9642b77ba0?s=96&d=mm&r=g","caption":"Instrutor"},"url":"https:\/\/aulasdeequitacao.com.br\/home\/author\/instrutor\/"}]}},"_links":{"self":[{"href":"https:\/\/aulasdeequitacao.com.br\/home\/wp-json\/wp\/v2\/posts\/220","targetHints":{"allow":["GET"]}}],"collection":[{"href":"https:\/\/aulasdeequitacao.com.br\/home\/wp-json\/wp\/v2\/posts"}],"about":[{"href":"https:\/\/aulasdeequitacao.com.br\/home\/wp-json\/wp\/v2\/types\/post"}],"author":[{"embeddable":true,"href":"https:\/\/aulasdeequitacao.com.br\/home\/wp-json\/wp\/v2\/users\/2"}],"replies":[{"embeddable":true,"href":"https:\/\/aulasdeequitacao.com.br\/home\/wp-json\/wp\/v2\/comments?post=220"}],"version-history":[{"count":2,"href":"https:\/\/aulasdeequitacao.com.br\/home\/wp-json\/wp\/v2\/posts\/220\/revisions"}],"predecessor-version":[{"id":222,"href":"https:\/\/aulasdeequitacao.com.br\/home\/wp-json\/wp\/v2\/posts\/220\/revisions\/222"}],"wp:featuredmedia":[{"embeddable":true,"href":"https:\/\/aulasdeequitacao.com.br\/home\/wp-json\/wp\/v2\/media\/198"}],"wp:attachment":[{"href":"https:\/\/aulasdeequitacao.com.br\/home\/wp-json\/wp\/v2\/media?parent=220"}],"wp:term":[{"taxonomy":"category","embeddable":true,"href":"https:\/\/aulasdeequitacao.com.br\/home\/wp-json\/wp\/v2\/categories?post=220"},{"taxonomy":"post_tag","embeddable":true,"href":"https:\/\/aulasdeequitacao.com.br\/home\/wp-json\/wp\/v2\/tags?post=220"}],"curies":[{"name":"wp","href":"https:\/\/api.w.org\/{rel}","templated":true}]}}